{"id":24473,"date":"2026-04-29T19:55:57","date_gmt":"2026-04-29T19:55:57","guid":{"rendered":"https:\/\/ccwebsite-qa.creativecoefficient.net\/?p=24473"},"modified":"2026-04-29T19:58:16","modified_gmt":"2026-04-29T19:58:16","slug":"how-to-align-your-tech-architecture-with-your-business-strategy","status":"publish","type":"post","link":"https:\/\/ccwebsite-qa.creativecoefficient.net\/es\/2026\/04\/29\/how-to-align-your-tech-architecture-with-your-business-strategy\/","title":{"rendered":"How to Align Your Tech Architecture with Your Business Strategy"},"content":{"rendered":"<div data-elementor-type=\"wp-post\" data-elementor-id=\"24473\" class=\"elementor elementor-24473\">\n\t\t\t\t<div class=\"elementor-element elementor-element-3d65ede8 e-flex e-con-boxed e-con e-parent\" data-id=\"3d65ede8\" data-element_type=\"container\">\n\t\t\t\t\t<div class=\"e-con-inner\">\n\t\t\t\t<div class=\"elementor-element elementor-element-631d8a11 elementor-widget elementor-widget-text-editor\" data-id=\"631d8a11\" data-element_type=\"widget\" data-widget_type=\"text-editor.default\">\n\t\t\t\t<div class=\"elementor-widget-container\">\n\t\t\t<style>\/*! elementor - v3.23.0 - 05-08-2024 *\/\n.elementor-widget-text-editor.elementor-drop-cap-view-stacked .elementor-drop-cap{background-color:#69727d;color:#fff}.elementor-widget-text-editor.elementor-drop-cap-view-framed .elementor-drop-cap{color:#69727d;border:3px solid;background-color:transparent}.elementor-widget-text-editor:not(.elementor-drop-cap-view-default) .elementor-drop-cap{margin-top:8px}.elementor-widget-text-editor:not(.elementor-drop-cap-view-default) .elementor-drop-cap-letter{width:1em;height:1em}.elementor-widget-text-editor .elementor-drop-cap{float:left;text-align:center;line-height:1;font-size:50px}.elementor-widget-text-editor .elementor-drop-cap-letter{display:inline-block}<\/style>\t\t\t\t<span style=\"font-weight: 400;\">The technical team is operating at full capacity: sprints are closed, tickets are resolved, and yet, the numbers don&#8217;t add up. Sales aren&#8217;t scaling as expected, the platform crashes exactly when traffic peaks, or launching a new feature takes weeks that no one has. The frustration is understandable, but the problem is rarely the people\u2014it is almost always the <\/span><b>architecture<\/b><span style=\"font-weight: 400;\">.<\/span>\n\n<span style=\"font-weight: 400;\">In these scenarios, technology and business strategy have been speaking different languages for some time. This disconnect carries a real cost, even if it doesn&#8217;t appear on any invoice. It accumulates as &#8220;quick-fix&#8221; decisions made to meet deadlines, systems that &#8220;work for now&#8221; but no one dares to touch, and integrations that started as patches and ended up becoming structural. Waiting for a total system failure to rethink your stack can cost thousands of euros in lost time and missed opportunities. <\/span><b>Technology should drive your vision, not stall it.<\/b>\n<h2><strong>Optimization Pillars: Foundation, Processes, and Scaling<\/strong><\/h2>\n<span style=\"font-weight: 400;\">When the problem lies within the architecture, the solution isn&#8217;t writing more code\u2014code is merely the consequence. The root causes are found in the technology choices made, the reasoning behind them, and whether those choices remain valid for the business\u2019s current trajectory.<\/span>\n<ul>\n \t<li style=\"list-style-type: none;\">\n<ul class=\"text-en\" style=\"display: none;\">\n \t<li style=\"font-weight: 400;\" aria-level=\"1\"><b>Tech Stack Relevance:<\/b><span style=\"font-weight: 400;\"> Is your current stack fit for today\u2019s market? Not for the MVP of two years ago, but for what\u2019s coming next. Tools that worked in early stages can become bottlenecks as the business matures.<\/span><\/li>\n \t<li style=\"font-weight: 400;\" aria-level=\"1\"><b>Scalability:<\/b><span style=\"font-weight: 400;\"> Many companies discover their system cannot handle a spike in demand exactly when that spike hits\u2014at the worst possible moment.<\/span><\/li>\n \t<li style=\"font-weight: 400;\" aria-level=\"1\"><b>Iterative Capacity:<\/b><span style=\"font-weight: 400;\"> If every product change requires weeks of cross-team coordination, your learning velocity suffers. In competitive markets, the ability to pivot based on real-time user feedback is a competitive advantage you cannot afford to waste.<\/span><\/li>\n<\/ul>\n<\/li>\n<\/ul>\n<div class=\"text-es\" style=\"display: block; font-weight: 400;\"><b>\u00bfEl tech stack que tienes es el adecuado para el mercado actual?<\/b> No para el MVP de hace dos a\u00f1os, sino para lo que viene ahora. Las herramientas que funcionaron bien en una fase temprana pueden convertirse en un obst\u00e1culo cuando el negocio crece.\n\nLo mismo ocurre con la <b>escalabilidad<\/b>, pues muchas empresas descubren que su sistema no soporta un pico de demanda precisamente cuando ese pico llega, es decir, en el peor momento posible.\n\nY hay una tercera dimensi\u00f3n, la <b>capacidad de iterar<\/b>. Si cada cambio en el producto requiere semanas de coordinaci\u00f3n entre equipos, tu velocidad de aprendizaje se resiente. En mercados competitivos, aprender r\u00e1pido bas\u00e1ndote en el feedback real de tus usuarios es una ventaja que no puedes permitirte desperdiciar.\n\n<\/div>\n<h2><strong>The Strategic Process: From Vision to Code<\/strong><\/h2>\n<span style=\"font-weight: 400;\">The conversation must begin with revenue targets, growth models, and the core problem being solved. We call this <\/span><b>Technical Discovery<\/b><span style=\"font-weight: 400;\">, and it is the starting point for any architecture built to last.<\/span>\n\n<span style=\"font-weight: 400;\">Skipping this process has tangible consequences. You might build fast, but often in the wrong direction. Recalibrating later usually costs significantly more than having mapped out the path correctly from the start.<\/span>\n\n<span style=\"font-weight: 400;\">This brings us to <\/span><b>Technical Debt<\/b><span style=\"font-weight: 400;\">. Every rushed decision made to save time or money in the short term generates debt that must eventually be repaid\u2014with high interest. A hasty decision today can limit your ability to innovate for the next twelve months. It\u2019s not a lack of talent in the team; it\u2019s that the resulting architecture becomes rigid, turning every update into a negotiation with legacy code. Identifying and managing this debt is a cornerstone of any serious growth strategy.<\/span>\n<h2><strong>Can I Pivot My Business Model Without Scrapping My Software?<\/strong><\/h2>\n<span style=\"font-weight: 400;\">This is a recurring question for companies looking to take the next step: entering international markets, changing pricing models, or transitioning from B2C to B2B. The answer almost always depends on whether the architecture was designed for <\/span><b>flexibility<\/b><span style=\"font-weight: 400;\"> or if it grew without a cohesive vision.<\/span>\n\n<span style=\"font-weight: 400;\"><span class=\"displaynone\">Un<\/span> <\/span><b>modular architecture<\/b><span style=\"font-weight: 400;\"> functions as a system of independent components. If you need to change your billing logic, you modify that specific module without affecting the rest of the system. If you want to add a new language or currency to enter a new market, you do so without rebuilding from scratch. This is the result of deliberate decisions made with business strategy in mind from day one.<\/span>\n\n<span style=\"font-weight: 400;\">This is where a technological partner like <\/span><b>Creative Coefficient<\/b><span style=\"font-weight: 400;\"> adds value. We go beyond execution to understand the business in depth, anticipating growth needs and building the architecture that enables them. With over 16 years of experience developing digital products for startups and established firms in sectors like <\/span><a href=\"https:\/\/creativecoefficient.net\/fintech\/?nav\"><span style=\"font-weight: 400;\">Fintech<\/span><\/a><span style=\"font-weight: 400;\">, Logistics, and <\/span><a href=\"https:\/\/creativecoefficient.net\/sports\/?nav\"><span style=\"font-weight: 400;\">Deporte<\/span><\/a><span style=\"font-weight: 400;\">, we act as a <\/span><b>Tech Partner<\/b><span style=\"font-weight: 400;\"> fully invested in your vision.<\/span>\n<h2><strong>What if the Current System is Already Inefficient? The Role of Re-engineering<\/strong><\/h2>\n<span style=\"font-weight: 400;\">Sometimes the diagnosis comes late. The system is aging, technical debt is substantial, and every new feature feels like an uphill battle. This is <\/span><b>Technical Insolvency<\/b><span style=\"font-weight: 400;\">. While it sounds drastic, there is a way out.<\/span>\n\n<span style=\"font-weight: 400;\">The key is how to act. In some cases, a <\/span><b>gradual migration<\/b><span style=\"font-weight: 400;\"> to a modern architecture is the right move. In others, <\/span><b>refactoring<\/b><span style=\"font-weight: 400;\"> critical components is enough to regain speed and stability without discarding existing work. Increasingly, integrating <\/span><a href=\"https:\/\/creativecoefficient.net\/ai\/\"><b>Artificial Intelligence<\/b><\/a><b> layers<\/b><span style=\"font-weight: 400;\"> allows companies to extend the lifecycle of products that would otherwise need a total rebuild, adding new capabilities without compromising what already works.<\/span>\n<h2><strong>The Strategic Partner as a Guarantee of Success<\/strong><\/h2>\n<span style=\"font-weight: 400;\">When architecture is aligned with strategy, technology becomes a genuine growth asset. However, this alignment doesn&#8217;t happen by accident; it requires an expert vision that understands both business and technology simultaneously\u2014someone capable of translating commercial ambition into concrete architectural decisions.<\/span>\n\n<span style=\"font-weight: 400;\">A true technology partner doesn&#8217;t just deliver and invoice. They think with you, challenge assumptions when necessary, and build with an eye on where you want to be in 2026, not just next month. If your current architecture doesn&#8217;t reflect your goals, you are losing competitiveness every day.<\/span>\n\n<span style=\"font-weight: 400;\">En <\/span><b>Creative Coefficient<\/b><span style=\"font-weight: 400;\">, we specialize in aligning technology with real growth. If you feel your software isn&#8217;t keeping pace with your business vision, don&#8217;t wait for a system collapse. <\/span><a href=\"https:\/\/creativecoefficient.net\/\"><b>Schedule a strategic consultation with us today.<\/b><\/a>\n<!-- wp:paragraph --><!-- \/wp:paragraph -->\t\t\t\t\t\t<\/div>\n\t\t\t\t<\/div>\n\t\t\t\t<div class=\"elementor-element elementor-element-0b55513 elementor-widget elementor-widget-html\" data-id=\"0b55513\" data-element_type=\"widget\" data-widget_type=\"html.default\">\n\t\t\t\t<div class=\"elementor-widget-container\">\n\t\t\t<script>\ndocument.addEventListener(\"DOMContentLoaded\", function() {\n    const isSpanish = window.location.pathname.includes('\/es\/');\n    const enBlock = document.querySelector('.text-en');\n    const esBlock = document.querySelector('.text-es');\n\n    if (isSpanish) {\n        enBlock.style.setProperty('display', 'none', 'important');\n        esBlock.style.setProperty('display', 'block', 'important');\n    } else {\n        enBlock.style.setProperty('display', 'block', 'important');\n        esBlock.style.setProperty('display', 'none', 'important');\n    }\n});\n<\/script>\t\t<\/div>\n\t\t\t\t<\/div>\n\t\t\t\t\t<\/div>\n\t\t\t\t<\/div>\n\t\t\t\t<\/div>","protected":false},"excerpt":{"rendered":"<p>The technical team is operating at full capacity: sprints are closed, tickets are resolved, and yet, the numbers don&#8217;t add up. Sales aren&#8217;t scaling as expected, the platform crashes exactly when traffic peaks, or launching a new feature takes weeks that no one has. The frustration is understandable, but the problem is rarely the people\u2014it \u2026<\/p>","protected":false},"author":9,"featured_media":24478,"comment_status":"closed","ping_status":"closed","sticky":false,"template":"","format":"standard","meta":{"footnotes":""},"categories":[23],"tags":[44,39,46],"blog_category":[35],"class_list":["post-24473","post","type-post","status-publish","format-standard","has-post-thumbnail","hentry","category-ecommerce","tag-business","tag-destacado","tag-strategy","blog_category-development"],"blocksy_meta":[],"yoast_head":"<!-- This site is optimized with the Yoast SEO plugin v23.3 - https:\/\/yoast.com\/wordpress\/plugins\/seo\/ -->\n<title>How to Align Your Tech Architecture with Your Business Strategy - Creative Coefficient<\/title>\n<meta name=\"robots\" content=\"index, follow, max-snippet:-1, max-image-preview:large, max-video-preview:-1\" \/>\n<link rel=\"canonical\" href=\"https:\/\/ccwebsite-qa.creativecoefficient.net\/es\/2026\/04\/29\/how-to-align-your-tech-architecture-with-your-business-strategy\/\" \/>\n<meta property=\"og:locale\" content=\"es_ES\" \/>\n<meta property=\"og:type\" content=\"article\" \/>\n<meta property=\"og:title\" content=\"How to Align Your Tech Architecture with Your Business Strategy - Creative Coefficient\" \/>\n<meta property=\"og:description\" content=\"The technical team is operating at full capacity: sprints are closed, tickets are resolved, and yet, the numbers don&#8217;t add up. Sales aren&#8217;t scaling as expected, the platform crashes exactly when traffic peaks, or launching a new feature takes weeks that no one has. The frustration is understandable, but the problem is rarely the people\u2014it \u2026\" \/>\n<meta property=\"og:url\" content=\"https:\/\/ccwebsite-qa.creativecoefficient.net\/es\/2026\/04\/29\/how-to-align-your-tech-architecture-with-your-business-strategy\/\" \/>\n<meta property=\"og:site_name\" content=\"Creative Coefficient\" \/>\n<meta property=\"article:published_time\" content=\"2026-04-29T19:55:57+00:00\" \/>\n<meta property=\"article:modified_time\" content=\"2026-04-29T19:58:16+00:00\" \/>\n<meta property=\"og:image\" content=\"https:\/\/ccwebsite-qa.creativecoefficient.net\/wp-content\/uploads\/2026\/04\/creativecoefficient-how_to_align_your_tech_architecture_with_your_business_strategy.webp\" \/>\n\t<meta property=\"og:image:width\" content=\"1920\" \/>\n\t<meta property=\"og:image:height\" content=\"1080\" \/>\n\t<meta property=\"og:image:type\" content=\"image\/webp\" \/>\n<meta name=\"author\" content=\"outsourcearg\" \/>\n<meta name=\"twitter:card\" content=\"summary_large_image\" \/>\n<meta name=\"twitter:label1\" content=\"Escrito por\" \/>\n\t<meta name=\"twitter:data1\" content=\"outsourcearg\" \/>\n\t<meta name=\"twitter:label2\" content=\"Tiempo de lectura\" \/>\n\t<meta name=\"twitter:data2\" content=\"5 minutos\" \/>\n<script type=\"application\/ld+json\" class=\"yoast-schema-graph\">{\"@context\":\"https:\/\/schema.org\",\"@graph\":[{\"@type\":\"Article\",\"@id\":\"https:\/\/ccwebsite-qa.creativecoefficient.net\/2026\/04\/29\/how-to-align-your-tech-architecture-with-your-business-strategy\/#article\",\"isPartOf\":{\"@id\":\"https:\/\/ccwebsite-qa.creativecoefficient.net\/2026\/04\/29\/how-to-align-your-tech-architecture-with-your-business-strategy\/\"},\"author\":{\"name\":\"outsourcearg\",\"@id\":\"https:\/\/ccwebsite-qa.creativecoefficient.net\/#\/schema\/person\/2249df914e694a6c9a25a0abda927938\"},\"headline\":\"How to Align Your Tech Architecture with Your Business Strategy\",\"datePublished\":\"2026-04-29T19:55:57+00:00\",\"dateModified\":\"2026-04-29T19:58:16+00:00\",\"mainEntityOfPage\":{\"@id\":\"https:\/\/ccwebsite-qa.creativecoefficient.net\/2026\/04\/29\/how-to-align-your-tech-architecture-with-your-business-strategy\/\"},\"wordCount\":1022,\"publisher\":{\"@id\":\"https:\/\/ccwebsite-qa.creativecoefficient.net\/#organization\"},\"image\":{\"@id\":\"https:\/\/ccwebsite-qa.creativecoefficient.net\/2026\/04\/29\/how-to-align-your-tech-architecture-with-your-business-strategy\/#primaryimage\"},\"thumbnailUrl\":\"https:\/\/ccwebsite-qa.creativecoefficient.net\/wp-content\/uploads\/2026\/04\/creativecoefficient-how_to_align_your_tech_architecture_with_your_business_strategy.webp\",\"keywords\":[\"Business\",\"destacado\",\"Strategy\"],\"articleSection\":[\"Ecommerce\"],\"inLanguage\":\"es-AR\"},{\"@type\":\"WebPage\",\"@id\":\"https:\/\/ccwebsite-qa.creativecoefficient.net\/2026\/04\/29\/how-to-align-your-tech-architecture-with-your-business-strategy\/\",\"url\":\"https:\/\/ccwebsite-qa.creativecoefficient.net\/2026\/04\/29\/how-to-align-your-tech-architecture-with-your-business-strategy\/\",\"name\":\"How to Align Your Tech Architecture with Your Business Strategy - Creative Coefficient\",\"isPartOf\":{\"@id\":\"https:\/\/ccwebsite-qa.creativecoefficient.net\/#website\"},\"primaryImageOfPage\":{\"@id\":\"https:\/\/ccwebsite-qa.creativecoefficient.net\/2026\/04\/29\/how-to-align-your-tech-architecture-with-your-business-strategy\/#primaryimage\"},\"image\":{\"@id\":\"https:\/\/ccwebsite-qa.creativecoefficient.net\/2026\/04\/29\/how-to-align-your-tech-architecture-with-your-business-strategy\/#primaryimage\"},\"thumbnailUrl\":\"https:\/\/ccwebsite-qa.creativecoefficient.net\/wp-content\/uploads\/2026\/04\/creativecoefficient-how_to_align_your_tech_architecture_with_your_business_strategy.webp\",\"datePublished\":\"2026-04-29T19:55:57+00:00\",\"dateModified\":\"2026-04-29T19:58:16+00:00\",\"breadcrumb\":{\"@id\":\"https:\/\/ccwebsite-qa.creativecoefficient.net\/2026\/04\/29\/how-to-align-your-tech-architecture-with-your-business-strategy\/#breadcrumb\"},\"inLanguage\":\"es-AR\",\"potentialAction\":[{\"@type\":\"ReadAction\",\"target\":[\"https:\/\/ccwebsite-qa.creativecoefficient.net\/2026\/04\/29\/how-to-align-your-tech-architecture-with-your-business-strategy\/\"]}]},{\"@type\":\"ImageObject\",\"inLanguage\":\"es-AR\",\"@id\":\"https:\/\/ccwebsite-qa.creativecoefficient.net\/2026\/04\/29\/how-to-align-your-tech-architecture-with-your-business-strategy\/#primaryimage\",\"url\":\"https:\/\/ccwebsite-qa.creativecoefficient.net\/wp-content\/uploads\/2026\/04\/creativecoefficient-how_to_align_your_tech_architecture_with_your_business_strategy.webp\",\"contentUrl\":\"https:\/\/ccwebsite-qa.creativecoefficient.net\/wp-content\/uploads\/2026\/04\/creativecoefficient-how_to_align_your_tech_architecture_with_your_business_strategy.webp\",\"width\":1920,\"height\":1080},{\"@type\":\"BreadcrumbList\",\"@id\":\"https:\/\/ccwebsite-qa.creativecoefficient.net\/2026\/04\/29\/how-to-align-your-tech-architecture-with-your-business-strategy\/#breadcrumb\",\"itemListElement\":[{\"@type\":\"ListItem\",\"position\":1,\"name\":\"Home\",\"item\":\"https:\/\/ccwebsite-qa.creativecoefficient.net\/\"},{\"@type\":\"ListItem\",\"position\":2,\"name\":\"How to Align Your Tech Architecture with Your Business Strategy\"}]},{\"@type\":\"WebSite\",\"@id\":\"https:\/\/ccwebsite-qa.creativecoefficient.net\/#website\",\"url\":\"https:\/\/ccwebsite-qa.creativecoefficient.net\/\",\"name\":\"Creative Coefficient\",\"description\":\"\",\"publisher\":{\"@id\":\"https:\/\/ccwebsite-qa.creativecoefficient.net\/#organization\"},\"alternateName\":\"Creative Coefficient\",\"potentialAction\":[{\"@type\":\"SearchAction\",\"target\":{\"@type\":\"EntryPoint\",\"urlTemplate\":\"https:\/\/ccwebsite-qa.creativecoefficient.net\/?s={search_term_string}\"},\"query-input\":\"required name=search_term_string\"}],\"inLanguage\":\"es-AR\"},{\"@type\":\"Organization\",\"@id\":\"https:\/\/ccwebsite-qa.creativecoefficient.net\/#organization\",\"name\":\"Creative Coefficient\",\"url\":\"https:\/\/ccwebsite-qa.creativecoefficient.net\/\",\"logo\":{\"@type\":\"ImageObject\",\"inLanguage\":\"es-AR\",\"@id\":\"https:\/\/ccwebsite-qa.creativecoefficient.net\/#\/schema\/logo\/image\/\",\"url\":\"https:\/\/ccwebsite-qa.creativecoefficient.net\/wp-content\/uploads\/2024\/08\/isotipo.png\",\"contentUrl\":\"https:\/\/ccwebsite-qa.creativecoefficient.net\/wp-content\/uploads\/2024\/08\/isotipo.png\",\"width\":229,\"height\":208,\"caption\":\"Creative Coefficient\"},\"image\":{\"@id\":\"https:\/\/ccwebsite-qa.creativecoefficient.net\/#\/schema\/logo\/image\/\"},\"sameAs\":[\"https:\/\/www.linkedin.com\/company\/creative-coefficient\/\",\"https:\/\/www.instagram.com\/creative_coefficient\/\"]},{\"@type\":\"Person\",\"@id\":\"https:\/\/ccwebsite-qa.creativecoefficient.net\/#\/schema\/person\/2249df914e694a6c9a25a0abda927938\",\"name\":\"outsourcearg\",\"image\":{\"@type\":\"ImageObject\",\"inLanguage\":\"es-AR\",\"@id\":\"https:\/\/ccwebsite-qa.creativecoefficient.net\/#\/schema\/person\/image\/\",\"url\":\"https:\/\/secure.gravatar.com\/avatar\/e6a903cfd88db82bd39aaf59bd167e66eb2353bbf4c4c6de66f931129d99bae1?s=96&d=mm&r=g\",\"contentUrl\":\"https:\/\/secure.gravatar.com\/avatar\/e6a903cfd88db82bd39aaf59bd167e66eb2353bbf4c4c6de66f931129d99bae1?s=96&d=mm&r=g\",\"caption\":\"outsourcearg\"},\"url\":\"https:\/\/ccwebsite-qa.creativecoefficient.net\/es\/author\/outsourcearg\/\"}]}<\/script>\n<!-- \/ Yoast SEO plugin. -->","yoast_head_json":{"title":"How to Align Your Tech Architecture with Your Business Strategy - Creative Coefficient","robots":{"index":"index","follow":"follow","max-snippet":"max-snippet:-1","max-image-preview":"max-image-preview:large","max-video-preview":"max-video-preview:-1"},"canonical":"https:\/\/ccwebsite-qa.creativecoefficient.net\/es\/2026\/04\/29\/how-to-align-your-tech-architecture-with-your-business-strategy\/","og_locale":"es_ES","og_type":"article","og_title":"How to Align Your Tech Architecture with Your Business Strategy - Creative Coefficient","og_description":"The technical team is operating at full capacity: sprints are closed, tickets are resolved, and yet, the numbers don&#8217;t add up. Sales aren&#8217;t scaling as expected, the platform crashes exactly when traffic peaks, or launching a new feature takes weeks that no one has. The frustration is understandable, but the problem is rarely the people\u2014it \u2026","og_url":"https:\/\/ccwebsite-qa.creativecoefficient.net\/es\/2026\/04\/29\/how-to-align-your-tech-architecture-with-your-business-strategy\/","og_site_name":"Creative Coefficient","article_published_time":"2026-04-29T19:55:57+00:00","article_modified_time":"2026-04-29T19:58:16+00:00","og_image":[{"width":1920,"height":1080,"url":"https:\/\/ccwebsite-qa.creativecoefficient.net\/wp-content\/uploads\/2026\/04\/creativecoefficient-how_to_align_your_tech_architecture_with_your_business_strategy.webp","type":"image\/webp"}],"author":"outsourcearg","twitter_card":"summary_large_image","twitter_misc":{"Escrito por":"outsourcearg","Tiempo de lectura":"5 minutos"},"schema":{"@context":"https:\/\/schema.org","@graph":[{"@type":"Article","@id":"https:\/\/ccwebsite-qa.creativecoefficient.net\/2026\/04\/29\/how-to-align-your-tech-architecture-with-your-business-strategy\/#article","isPartOf":{"@id":"https:\/\/ccwebsite-qa.creativecoefficient.net\/2026\/04\/29\/how-to-align-your-tech-architecture-with-your-business-strategy\/"},"author":{"name":"outsourcearg","@id":"https:\/\/ccwebsite-qa.creativecoefficient.net\/#\/schema\/person\/2249df914e694a6c9a25a0abda927938"},"headline":"How to Align Your Tech Architecture with Your Business Strategy","datePublished":"2026-04-29T19:55:57+00:00","dateModified":"2026-04-29T19:58:16+00:00","mainEntityOfPage":{"@id":"https:\/\/ccwebsite-qa.creativecoefficient.net\/2026\/04\/29\/how-to-align-your-tech-architecture-with-your-business-strategy\/"},"wordCount":1022,"publisher":{"@id":"https:\/\/ccwebsite-qa.creativecoefficient.net\/#organization"},"image":{"@id":"https:\/\/ccwebsite-qa.creativecoefficient.net\/2026\/04\/29\/how-to-align-your-tech-architecture-with-your-business-strategy\/#primaryimage"},"thumbnailUrl":"https:\/\/ccwebsite-qa.creativecoefficient.net\/wp-content\/uploads\/2026\/04\/creativecoefficient-how_to_align_your_tech_architecture_with_your_business_strategy.webp","keywords":["Business","destacado","Strategy"],"articleSection":["Ecommerce"],"inLanguage":"es-AR"},{"@type":"WebPage","@id":"https:\/\/ccwebsite-qa.creativecoefficient.net\/2026\/04\/29\/how-to-align-your-tech-architecture-with-your-business-strategy\/","url":"https:\/\/ccwebsite-qa.creativecoefficient.net\/2026\/04\/29\/how-to-align-your-tech-architecture-with-your-business-strategy\/","name":"How to Align Your Tech Architecture with Your Business Strategy - Creative Coefficient","isPartOf":{"@id":"https:\/\/ccwebsite-qa.creativecoefficient.net\/#website"},"primaryImageOfPage":{"@id":"https:\/\/ccwebsite-qa.creativecoefficient.net\/2026\/04\/29\/how-to-align-your-tech-architecture-with-your-business-strategy\/#primaryimage"},"image":{"@id":"https:\/\/ccwebsite-qa.creativecoefficient.net\/2026\/04\/29\/how-to-align-your-tech-architecture-with-your-business-strategy\/#primaryimage"},"thumbnailUrl":"https:\/\/ccwebsite-qa.creativecoefficient.net\/wp-content\/uploads\/2026\/04\/creativecoefficient-how_to_align_your_tech_architecture_with_your_business_strategy.webp","datePublished":"2026-04-29T19:55:57+00:00","dateModified":"2026-04-29T19:58:16+00:00","breadcrumb":{"@id":"https:\/\/ccwebsite-qa.creativecoefficient.net\/2026\/04\/29\/how-to-align-your-tech-architecture-with-your-business-strategy\/#breadcrumb"},"inLanguage":"es-AR","potentialAction":[{"@type":"ReadAction","target":["https:\/\/ccwebsite-qa.creativecoefficient.net\/2026\/04\/29\/how-to-align-your-tech-architecture-with-your-business-strategy\/"]}]},{"@type":"ImageObject","inLanguage":"es-AR","@id":"https:\/\/ccwebsite-qa.creativecoefficient.net\/2026\/04\/29\/how-to-align-your-tech-architecture-with-your-business-strategy\/#primaryimage","url":"https:\/\/ccwebsite-qa.creativecoefficient.net\/wp-content\/uploads\/2026\/04\/creativecoefficient-how_to_align_your_tech_architecture_with_your_business_strategy.webp","contentUrl":"https:\/\/ccwebsite-qa.creativecoefficient.net\/wp-content\/uploads\/2026\/04\/creativecoefficient-how_to_align_your_tech_architecture_with_your_business_strategy.webp","width":1920,"height":1080},{"@type":"BreadcrumbList","@id":"https:\/\/ccwebsite-qa.creativecoefficient.net\/2026\/04\/29\/how-to-align-your-tech-architecture-with-your-business-strategy\/#breadcrumb","itemListElement":[{"@type":"ListItem","position":1,"name":"Home","item":"https:\/\/ccwebsite-qa.creativecoefficient.net\/"},{"@type":"ListItem","position":2,"name":"How to Align Your Tech Architecture with Your Business Strategy"}]},{"@type":"WebSite","@id":"https:\/\/ccwebsite-qa.creativecoefficient.net\/#website","url":"https:\/\/ccwebsite-qa.creativecoefficient.net\/","name":"Creative Coefficient","description":"","publisher":{"@id":"https:\/\/ccwebsite-qa.creativecoefficient.net\/#organization"},"alternateName":"Creative Coefficient","potentialAction":[{"@type":"SearchAction","target":{"@type":"EntryPoint","urlTemplate":"https:\/\/ccwebsite-qa.creativecoefficient.net\/?s={search_term_string}"},"query-input":"required name=search_term_string"}],"inLanguage":"es-AR"},{"@type":"Organization","@id":"https:\/\/ccwebsite-qa.creativecoefficient.net\/#organization","name":"Creative Coefficient","url":"https:\/\/ccwebsite-qa.creativecoefficient.net\/","logo":{"@type":"ImageObject","inLanguage":"es-AR","@id":"https:\/\/ccwebsite-qa.creativecoefficient.net\/#\/schema\/logo\/image\/","url":"https:\/\/ccwebsite-qa.creativecoefficient.net\/wp-content\/uploads\/2024\/08\/isotipo.png","contentUrl":"https:\/\/ccwebsite-qa.creativecoefficient.net\/wp-content\/uploads\/2024\/08\/isotipo.png","width":229,"height":208,"caption":"Creative Coefficient"},"image":{"@id":"https:\/\/ccwebsite-qa.creativecoefficient.net\/#\/schema\/logo\/image\/"},"sameAs":["https:\/\/www.linkedin.com\/company\/creative-coefficient\/","https:\/\/www.instagram.com\/creative_coefficient\/"]},{"@type":"Person","@id":"https:\/\/ccwebsite-qa.creativecoefficient.net\/#\/schema\/person\/2249df914e694a6c9a25a0abda927938","name":"outsourcearg","image":{"@type":"ImageObject","inLanguage":"es-AR","@id":"https:\/\/ccwebsite-qa.creativecoefficient.net\/#\/schema\/person\/image\/","url":"https:\/\/secure.gravatar.com\/avatar\/e6a903cfd88db82bd39aaf59bd167e66eb2353bbf4c4c6de66f931129d99bae1?s=96&d=mm&r=g","contentUrl":"https:\/\/secure.gravatar.com\/avatar\/e6a903cfd88db82bd39aaf59bd167e66eb2353bbf4c4c6de66f931129d99bae1?s=96&d=mm&r=g","caption":"outsourcearg"},"url":"https:\/\/ccwebsite-qa.creativecoefficient.net\/es\/author\/outsourcearg\/"}]}},"_links":{"self":[{"href":"https:\/\/ccwebsite-qa.creativecoefficient.net\/es\/wp-json\/wp\/v2\/posts\/24473","targetHints":{"allow":["GET"]}}],"collection":[{"href":"https:\/\/ccwebsite-qa.creativecoefficient.net\/es\/wp-json\/wp\/v2\/posts"}],"about":[{"href":"https:\/\/ccwebsite-qa.creativecoefficient.net\/es\/wp-json\/wp\/v2\/types\/post"}],"author":[{"embeddable":true,"href":"https:\/\/ccwebsite-qa.creativecoefficient.net\/es\/wp-json\/wp\/v2\/users\/9"}],"replies":[{"embeddable":true,"href":"https:\/\/ccwebsite-qa.creativecoefficient.net\/es\/wp-json\/wp\/v2\/comments?post=24473"}],"version-history":[{"count":5,"href":"https:\/\/ccwebsite-qa.creativecoefficient.net\/es\/wp-json\/wp\/v2\/posts\/24473\/revisions"}],"predecessor-version":[{"id":24479,"href":"https:\/\/ccwebsite-qa.creativecoefficient.net\/es\/wp-json\/wp\/v2\/posts\/24473\/revisions\/24479"}],"wp:featuredmedia":[{"embeddable":true,"href":"https:\/\/ccwebsite-qa.creativecoefficient.net\/es\/wp-json\/wp\/v2\/media\/24478"}],"wp:attachment":[{"href":"https:\/\/ccwebsite-qa.creativecoefficient.net\/es\/wp-json\/wp\/v2\/media?parent=24473"}],"wp:term":[{"taxonomy":"category","embeddable":true,"href":"https:\/\/ccwebsite-qa.creativecoefficient.net\/es\/wp-json\/wp\/v2\/categories?post=24473"},{"taxonomy":"post_tag","embeddable":true,"href":"https:\/\/ccwebsite-qa.creativecoefficient.net\/es\/wp-json\/wp\/v2\/tags?post=24473"},{"taxonomy":"blog_category","embeddable":true,"href":"https:\/\/ccwebsite-qa.creativecoefficient.net\/es\/wp-json\/wp\/v2\/blog_category?post=24473"}],"curies":[{"name":"wp","href":"https:\/\/api.w.org\/{rel}","templated":true}]}}